{"id":5619,"date":"2025-12-02T14:34:21","date_gmt":"2025-12-02T13:34:21","guid":{"rendered":"https:\/\/latordera.it\/?p=5619"},"modified":"2026-01-30T09:14:48","modified_gmt":"2026-01-30T08:14:48","slug":"testa-cuore-mani-il-manifesto-la-tordera","status":"publish","type":"post","link":"https:\/\/latordera.it\/it\/testa-cuore-mani-il-manifesto-la-tordera\/","title":{"rendered":"TESTA, CUORE, MANI: IL NOSTRO NUOVO MANIFESTO"},"content":{"rendered":"\t\t<div data-elementor-type=\"wp-post\" data-elementor-id=\"5619\" class=\"elementor elementor-5619\">\n\t\t\t\t\t\t<section class=\"elementor-section elementor-top-section elementor-element elementor-element-bb1ad8a elementor-section-full_width wrapper-fuller section-normal elementor-section-height-default elementor-section-height-default default\" data-id=\"bb1ad8a\" data-element_type=\"section\" data-settings=\"{&quot;background_background&quot;:&quot;classic&quot;}\">\n\t\t\t\t\t\t<div class=\"elementor-container elementor-column-gap-default\">\n\t\t\t\t\t<div class=\"elementor-column elementor-col-100 elementor-top-column elementor-element elementor-element-87206e1\" data-id=\"87206e1\" data-element_type=\"column\">\n\t\t\t<div class=\"elementor-widget-wrap elementor-element-populated\">\n\t\t\t\t\t\t<div class=\"elementor-element elementor-element-29ea5a4 title-xl elementor-widget__width-initial elementor-widget elementor-widget-naylatextwrapper\" data-id=\"29ea5a4\" data-element_type=\"widget\" data-widget_type=\"naylatextwrapper.default\">\n\t\t\t\t<div class=\"elementor-widget-container\">\n\t\t\t\t\t\n\n\n        <div class=\"text-wrapper  \">\n\n                            <h1 class=\"has-anim-text wordsUp fade  no-revert\" data-stagger=\"0.02\" data-duration=\"1.5\"data-delay=\"0.3\"data-scrub=\"false\" data-pin=\"false\">\n                    TESTA, CUORE, MANI: \n<br>\nIL NUOVO MANIFESTO DE LA TORDERA                <\/h1>\n\n            \n\n\n\n        <\/div>\n\n\n        \t\t\t\t<\/div>\n\t\t\t\t<\/div>\n\t\t\t\t\t<\/div>\n\t\t<\/div>\n\t\t\t\t\t<\/div>\n\t\t<\/section>\n\t\t\t\t<section class=\"elementor-section elementor-top-section elementor-element elementor-element-748b3c8 elementor-section-full_width wrapper-fuller content-cs section-normal elementor-section-height-default elementor-section-height-default default\" data-id=\"748b3c8\" data-element_type=\"section\" data-settings=\"{&quot;background_background&quot;:&quot;classic&quot;}\">\n\t\t\t\t\t\t<div class=\"elementor-container elementor-column-gap-default\">\n\t\t\t\t\t<div class=\"elementor-column elementor-col-50 elementor-top-column elementor-element elementor-element-e330c11 sticky-column-custom twenty\" data-id=\"e330c11\" data-element_type=\"column\">\n\t\t\t<div class=\"elementor-widget-wrap elementor-element-populated\">\n\t\t\t\t\t\t<div class=\"elementor-element elementor-element-b87cc3b elementor-widget__width-initial hero-img-news elementor-widget elementor-widget-naylasingleimage\" data-id=\"b87cc3b\" data-element_type=\"widget\" data-widget_type=\"naylasingleimage.default\">\n\t\t\t\t<div class=\"elementor-widget-container\">\n\t\t\t\t\t\n\n<div class=\"single-image align-left    cursor-default  \" data-duration=1.5 data-delay=\"0.3\" data-scrub=\"false\" data-pin=\"false\" data-block-color=\"\" data-anim-out=\"\" data-image-scale=\"true\" >\n\n\n    <img decoding=\"async\" src=\"https:\/\/latordera.it\/app\/uploads\/2025\/12\/LaTordera-80MAR00589-_-NR-scaled.jpg\">\n    \n    \n\n<\/div>\n            \n            \n\n\n\t\t\t\t<\/div>\n\t\t\t\t<\/div>\n\t\t\t\t<div class=\"elementor-element elementor-element-09c9333 bodycopy-s-medium elementor-widget__width-initial elementor-widget elementor-widget-naylatextwrapper\" data-id=\"09c9333\" data-element_type=\"widget\" data-widget_type=\"naylatextwrapper.default\">\n\t\t\t\t<div class=\"elementor-widget-container\">\n\t\t\t\t\t\n\n\n        <div class=\"text-wrapper  \">\n\n            \n                <p class=\"text-text-p has-anim-text wordsUp fade  no-revert\" data-stagger=\"0.02\" data-duration=\"1.5\"data-delay=\"0.3\"data-scrub=\"false\" data-pin=\"false\">\n                    (12 gennaio 2026)                <\/p>\n                \n            \n\n\n\n        <\/div>\n\n\n        \t\t\t\t<\/div>\n\t\t\t\t<\/div>\n\t\t\t\t<div class=\"elementor-element elementor-element-f899d67 elementor-widget__width-initial hero-img-news elementor-widget elementor-widget-naylasingleimage\" data-id=\"f899d67\" data-element_type=\"widget\" data-widget_type=\"naylasingleimage.default\">\n\t\t\t\t<div class=\"elementor-widget-container\">\n\t\t\t\t\t\n\n<div class=\"single-image align-left    cursor-default  \" data-duration=1.5 data-delay=\"0.3\" data-scrub=\"false\" data-pin=\"false\" data-block-color=\"\" data-anim-out=\"\" data-image-scale=\"true\" >\n\n\n    <img decoding=\"async\" src=\"https:\/\/latordera.it\/app\/uploads\/2025\/12\/TorderaDipendenti0555-Migliorato-NR-scaled.jpg\">\n    \n    \n\n<\/div>\n            \n            \n\n\n\t\t\t\t<\/div>\n\t\t\t\t<\/div>\n\t\t\t\t<div class=\"elementor-element elementor-element-1f6452e elementor-widget__width-initial hero-img-news elementor-widget elementor-widget-naylasingleimage\" data-id=\"1f6452e\" data-element_type=\"widget\" data-widget_type=\"naylasingleimage.default\">\n\t\t\t\t<div class=\"elementor-widget-container\">\n\t\t\t\t\t\n\n<div class=\"single-image align-left    cursor-default  \" data-duration=1.5 data-delay=\"0.3\" data-scrub=\"false\" data-pin=\"false\" data-block-color=\"\" data-anim-out=\"\" data-image-scale=\"true\" >\n\n\n    <img decoding=\"async\" src=\"https:\/\/latordera.it\/app\/uploads\/2025\/12\/MANI.png\">\n    \n    \n\n<\/div>\n            \n            \n\n\n\t\t\t\t<\/div>\n\t\t\t\t<\/div>\n\t\t\t\t\t<\/div>\n\t\t<\/div>\n\t\t\t\t<div class=\"elementor-column elementor-col-50 elementor-top-column elementor-element elementor-element-7288078\" data-id=\"7288078\" data-element_type=\"column\">\n\t\t\t<div class=\"elementor-widget-wrap elementor-element-populated\">\n\t\t\t\t\t\t<div class=\"elementor-element elementor-element-be29f00 bodycopy-s elementor-widget__width-initial elementor-widget elementor-widget-naylatextwrapper\" data-id=\"be29f00\" data-element_type=\"widget\" data-widget_type=\"naylatextwrapper.default\">\n\t\t\t\t<div class=\"elementor-widget-container\">\n\t\t\t\t\t\n\n\n        <div class=\"text-wrapper  \">\n\n            \n                <p class=\"text-p has-anim-text wordsUp fade  no-revert\" data-stagger=\"0.02\" data-duration=\"1.5\"data-delay=\"0.3\"data-scrub=\"false\" data-pin=\"false\">\n                    Il nuovo manifesto de La Tordera: un impegno quotidiano che unisce visione, dedizione e lavoro.\n<BR><BR>\nIn occasione del Vinitaly 2025, lo scorso aprile, abbiamo presentato con entusiasmo il nuovo manifesto de La Tordera. <a href=\"https:\/\/latordera.it\/it\/chi-siamo\/\">Testa, Cuore, Mani<\/a> rappresenta al meglio il modo di essere della nostra famiglia che si riflette in ogni vendemmia e in ogni calice.\n<br><br>\nTESTA, CUORE, MANI: IL SIGNIFICATO DEL NOSTRO MANIFESTO\n<br><br>\n\ud83d\udca1 TESTA - LA VISIONE\n<BR>\n(La) Testa esprime la conoscenza e il sapere tramandato di generazione in generazione necessari per ottenere un <a href=\"https:\/\/latordera.it\/it\/i-vini\/\">vino fatto bene<\/a>, di qualit\u00e0, frutto di esperienza e consapevolezza. \u00c8 la capacit\u00e0 di guidare le mani con competenza, di coltivare e curare le viti con attenzione. La testa rappresenta anche la visione: quella che ci permette di cogliere ogni segnale del tempo e del territorio, per interpretarlo con sensibilit\u00e0 e rispetto. \n<br><br>\n\ud83e\udde1 CUORE - LA DEDIZIONE\n<BR>\nIl Cuore \u00e8 l\u2019essenza della nostra totale dedizione alla qualit\u00e0 e al cliente. Rappresenta al meglio la <a href=\"https:\/\/latordera.it\/it\/chi-siamo\/\">famiglia Vettorettii<\/a>, con Pietro che conosce ogni vite come il palmo della sua mano, Mirella, che rappresenta il cuore e l\u2019anima accogliente della famiglia, Renato che segue con dedizione ogni fase del lavoro in vigna e Paolo, cuore pulsante della cantina, che coordina con passione ogni attivit\u00e0 aziendale. Il Cuore vuole rappresentare anche la famiglia estesa della Tordera, composta dalle mani esperte che curano ogni filare con dedizione e dalle mani appassionate che lavorano nel rispetto dell\u2019eredit\u00e0 storica.\n<BR><BR>\n\ud83e\udd32 MANI - IL LAVORO\n<BR>\nLe Mani simboleggiano la  <a href=\"https:\/\/latordera.it\/en\/bond-with-the-terroir\/\">cura attenta e consapevole<\/a>  che impieghiamo in ogni attivit\u00e0, dall\u2019acino alla bottiglia. Rappresentano infatti il contatto diretto con la terra durante il lavoro quotidiano in vigna, come ad esempio la raccolta manuale e attenta dei grappoli o la piegatura dei tralci, e sono essenziali anche nelle pratiche in cantina e nei processi produttivi per ottenere un vino che esprima al massimo l\u2019identit\u00e0 del territorio di Valdobbiadene e il DNA de La Tordera.                 <\/p>\n                \n            \n\n\n\n        <\/div>\n\n\n        \t\t\t\t<\/div>\n\t\t\t\t<\/div>\n\t\t\t\t\t<\/div>\n\t\t<\/div>\n\t\t\t\t\t<\/div>\n\t\t<\/section>\n\t\t\t\t<section class=\"elementor-section elementor-top-section elementor-element elementor-element-8a6ca87 elementor-section-full_width wrapper-fuller section-normal elementor-section-height-default elementor-section-height-default default\" data-id=\"8a6ca87\" data-element_type=\"section\" data-settings=\"{&quot;background_background&quot;:&quot;classic&quot;}\">\n\t\t\t\t\t\t<div class=\"elementor-container elementor-column-gap-default\">\n\t\t\t\t\t<div class=\"elementor-column elementor-col-50 elementor-top-column elementor-element elementor-element-4aa7a89\" data-id=\"4aa7a89\" data-element_type=\"column\">\n\t\t\t<div class=\"elementor-widget-wrap elementor-element-populated\">\n\t\t\t\t\t\t<div class=\"elementor-element elementor-element-1bd4062 bodycopy-l elementor-widget__width-initial elementor-widget elementor-widget-naylatextwrapper\" data-id=\"1bd4062\" data-element_type=\"widget\" data-widget_type=\"naylatextwrapper.default\">\n\t\t\t\t<div class=\"elementor-widget-container\">\n\t\t\t\t\t\n\n\n        <div class=\"text-wrapper  \">\n\n            \n                <p class=\"text-text-p has-anim-text wordsUp fade  no-revert\" data-stagger=\"0.02\" data-duration=\"1.5\"data-delay=\"0.3\"data-scrub=\"false\" data-pin=\"false\">\n                    Testa, Cuore, Mani: \n<BR>\ni valori che da oltre un secolo guidano il nostro lavoro                <\/p>\n                \n            \n\n\n\n        <\/div>\n\n\n        \t\t\t\t<\/div>\n\t\t\t\t<\/div>\n\t\t\t\t<div class=\"elementor-element elementor-element-6761524 elementor-widget__width-initial elementor-widget elementor-widget-naylasingleimage\" data-id=\"6761524\" data-element_type=\"widget\" data-widget_type=\"naylasingleimage.default\">\n\t\t\t\t<div class=\"elementor-widget-container\">\n\t\t\t\t\t\n\n<div class=\"single-image align-left  has-anim-image slideUp  cursor-default  \" data-duration=1.5 data-delay=\"0.3\" data-scrub=\"false\" data-pin=\"false\" data-block-color=\"\" data-anim-out=\"\" data-image-scale=\"true\" >\n\n\n    <img decoding=\"async\" src=\"https:\/\/latordera.it\/app\/uploads\/2025\/12\/Tordera-164MAR04752-Migliorato-NR-scaled.jpg\">\n    \n    \n\n<\/div>\n            \n            \n\n\n\t\t\t\t<\/div>\n\t\t\t\t<\/div>\n\t\t\t\t<div class=\"elementor-element elementor-element-40e5e10 elementor-widget__width-initial elementor-widget elementor-widget-naylasingleimage\" data-id=\"40e5e10\" data-element_type=\"widget\" data-widget_type=\"naylasingleimage.default\">\n\t\t\t\t<div class=\"elementor-widget-container\">\n\t\t\t\t\t\n\n<div class=\"single-image align-left  has-anim-image slideUp  cursor-default  \" data-duration=1.5 data-delay=\"0.3\" data-scrub=\"false\" data-pin=\"false\" data-block-color=\"\" data-anim-out=\"\" data-image-scale=\"true\" >\n\n\n    <img decoding=\"async\" src=\"https:\/\/latordera.it\/app\/uploads\/2025\/12\/DYOK4623-scaled.jpg\">\n    \n    \n\n<\/div>\n            \n            \n\n\n\t\t\t\t<\/div>\n\t\t\t\t<\/div>\n\t\t\t\t<div class=\"elementor-element elementor-element-8b78b21 elementor-widget__width-initial elementor-widget elementor-widget-naylasingleimage\" data-id=\"8b78b21\" data-element_type=\"widget\" data-widget_type=\"naylasingleimage.default\">\n\t\t\t\t<div class=\"elementor-widget-container\">\n\t\t\t\t\t\n\n<div class=\"single-image align-left  has-anim-image slideUp  cursor-default  \" data-duration=1.5 data-delay=\"0.3\" data-scrub=\"false\" data-pin=\"false\" data-block-color=\"\" data-anim-out=\"\" data-image-scale=\"true\" >\n\n\n    <img decoding=\"async\" src=\"https:\/\/latordera.it\/app\/uploads\/2025\/12\/DWYM1794-scaled.jpg\">\n    \n    \n\n<\/div>\n            \n            \n\n\n\t\t\t\t<\/div>\n\t\t\t\t<\/div>\n\t\t\t\t<div class=\"elementor-element elementor-element-4b71883 elementor-widget__width-initial elementor-widget elementor-widget-naylasingleimage\" data-id=\"4b71883\" data-element_type=\"widget\" data-widget_type=\"naylasingleimage.default\">\n\t\t\t\t<div class=\"elementor-widget-container\">\n\t\t\t\t\t\n\n<div class=\"single-image align-left  has-anim-image slideUp  cursor-default  \" data-duration=1.5 data-delay=\"0.3\" data-scrub=\"false\" data-pin=\"false\" data-block-color=\"\" data-anim-out=\"\" data-image-scale=\"true\" >\n\n\n    <img decoding=\"async\" src=\"https:\/\/latordera.it\/app\/uploads\/2025\/12\/VCAS9743-scaled.jpg\">\n    \n    \n\n<\/div>\n            \n            \n\n\n\t\t\t\t<\/div>\n\t\t\t\t<\/div>\n\t\t\t\t\t<\/div>\n\t\t<\/div>\n\t\t\t\t<div class=\"elementor-column elementor-col-50 elementor-top-column elementor-element elementor-element-47d4ae3\" data-id=\"47d4ae3\" data-element_type=\"column\">\n\t\t\t<div class=\"elementor-widget-wrap elementor-element-populated\">\n\t\t\t\t\t\t<div class=\"elementor-element elementor-element-d12cbf1 bodycopy-s-medium elementor-widget__width-initial elementor-widget elementor-widget-naylatextwrapper\" data-id=\"d12cbf1\" data-element_type=\"widget\" data-widget_type=\"naylatextwrapper.default\">\n\t\t\t\t<div class=\"elementor-widget-container\">\n\t\t\t\t\t\n\n\n        <div class=\"text-wrapper  \">\n\n            \n                <p class=\"text-text-p has-anim-text wordsUp fade  no-revert\" data-stagger=\"0.02\" data-duration=\"1.5\"data-delay=\"0.3\"data-scrub=\"false\" data-pin=\"false\">\n                    Le nostre origini sono l\u2019anima di una storia di famiglia. La Tordera \u00e8 pi\u00f9 di un nome, \u00e8 il cuore pulsante del nostro viaggio che \u00e8 iniziato nel 1918 da un antico roccolo sulla collina del Cartizze. Un\u2019eredit\u00e0 preziosa, una passione e una conoscenza che, da oltre cento anni, danno vita a spumanti inimitabili, espressione pura della nostra storia e del luogo che chiamiamo casa. \n<BR><BR>\nPer La Tordera, la cura nella produzione del vino non comincia solo dall\u2019acino per terminare nella bottiglia. \u00c8 una questione che riguarda una famiglia e l\u2019amore per la sua terra, \u00e8 un modo di fare le cose che ne garantisca la qualit\u00e0 assoluta dall\u2019inizio alla fine. \u00c8 sapere come fare il vino, e farlo bene. \n<BR><BR>\n\"Testa, Cuore e Mani\" esprime concretamente i nostri valori aziendali, vissuti quotidianamente dai collaboratori. Visione, dedizione e lavoro si incontrano per creare vini che raccontano la nostra terra e la nostra storia familiare.\n<BR><BR>\nFare vino, per noi, \u00e8 un atto di cura guidato dalla passione per la nostra terra e per le persone che la vivono tutti i giorni. Ogni scelta, dall\u2019uva al calice, riflette attenzione, esperienza e rispetto per ci\u00f2 che siamo e per il luogo in cui siamo cresciuti. Ogni bottiglia racchiude un frammento del nostro mondo, fatto di colline, mani operose e legami sinceri. Non \u00e8 solo un manifesto: \u00e8 la guida che ispira i nostri progetti futuri.\n<BR><BR>\nUN ESEMPIO CONCRETO: TESTA, CUORE, MANI IN FIERA VINITALY 2025\n<BR><BR>\nAbbiamo partecipato al Vinitaly 2025 indossando una nuova immagine per offrire un\u2019esperienza emozionale fatta di territorio, famiglia e passione. Abbiamo voluto rappresentare fisicamente allo stand il nostro manifesto \u201cTesta, Cuore, Mani\u201d, dove ogni dettaglio \u00e8 stato studiato con precisione affinch\u00e9 esprimesse al meglio la nostra identit\u00e0.\n<BR><BR>\nUna parete \u00e8 stata dedicata alle parole che compongono il manifesto, incorniciate da una serie di immagini che ritraevano i volti della nostra famiglia e gli elementi pi\u00f9 rappresentativi del nostro lavoro, per proseguire poi con la frase \u201cBollicine di famiglia, vini che raccontano la nostra terra\u201d apposta su un\u2019altra parete, affiancata da una fotografia che ritraeva Pietro, Mirella, Renato e Paolo. \n<BR><BR>\nInfine, una parte del banco di mescita dei vini \u00e8 stato teatro di \u201cCon le mani nella terra\u201d: sono state utilizzate delle teche di vetro per esporre la terra che abbiamo raccolto da tre dei nostri vigneti proprio per concretizzare al meglio il nostro manifesto ma anche per evidenziare le differenze del terreno e le conseguenti caratteristiche organolettiche che ciascun terroir trasferisce al vino. \n\n                <\/p>\n                \n            \n\n\n\n        <\/div>\n\n\n        \t\t\t\t<\/div>\n\t\t\t\t<\/div>\n\t\t\t\t<div class=\"elementor-element elementor-element-3ba3ce3 bodycopy-s elementor-widget__width-initial elementor-widget elementor-widget-naylatextwrapper\" data-id=\"3ba3ce3\" data-element_type=\"widget\" data-widget_type=\"naylatextwrapper.default\">\n\t\t\t\t<div class=\"elementor-widget-container\">\n\t\t\t\t\t\n\n\n        <div class=\"text-wrapper  \">\n\n            \n                <p class=\"text-text-p has-anim-text wordsUp fade  no-revert\" data-stagger=\"0.02\" data-duration=\"1.5\"data-delay=\"0.3\"data-scrub=\"false\" data-pin=\"false\">\n                    \n\n                 <\/p>\n                \n            \n\n\n\n        <\/div>\n\n\n        \t\t\t\t<\/div>\n\t\t\t\t<\/div>\n\t\t\t\t<div class=\"elementor-element elementor-element-395cbdb bodycopy-xs-medium elementor-widget__width-initial elementor-widget elementor-widget-naylatextwrapper\" data-id=\"395cbdb\" data-element_type=\"widget\" data-widget_type=\"naylatextwrapper.default\">\n\t\t\t\t<div class=\"elementor-widget-container\">\n\t\t\t\t\t\n\n\n        <div class=\"text-wrapper  \">\n\n            \n                <p class=\"text-text-p has-anim-text wordsUp fade  no-revert\" data-stagger=\"0.02\" data-duration=\"1.5\"data-delay=\"0.3\"data-scrub=\"false\" data-pin=\"false\">\n                    \n                <\/p>\n                \n            \n\n\n\n        <\/div>\n\n\n        \t\t\t\t<\/div>\n\t\t\t\t<\/div>\n\t\t\t\t\t<\/div>\n\t\t<\/div>\n\t\t\t\t\t<\/div>\n\t\t<\/section>\n\t\t\t\t<section class=\"elementor-section elementor-top-section elementor-element elementor-element-80938ad elementor-section-full_width wrapper-fuller section-normal elementor-section-height-default elementor-section-height-default default\" data-id=\"80938ad\" data-element_type=\"section\" data-settings=\"{&quot;background_background&quot;:&quot;classic&quot;}\">\n\t\t\t\t\t\t<div class=\"elementor-container elementor-column-gap-default\">\n\t\t\t\t\t<div class=\"elementor-column elementor-col-50 elementor-top-column elementor-element elementor-element-0ed586e sticky-column-custom twenty\" data-id=\"0ed586e\" data-element_type=\"column\">\n\t\t\t<div class=\"elementor-widget-wrap elementor-element-populated\">\n\t\t\t\t\t\t<div class=\"elementor-element elementor-element-7d37bc5 title-xl elementor-widget__width-initial elementor-widget elementor-widget-naylatextwrapper\" data-id=\"7d37bc5\" data-element_type=\"widget\" data-widget_type=\"naylatextwrapper.default\">\n\t\t\t\t<div class=\"elementor-widget-container\">\n\t\t\t\t\t\n\n\n        <div class=\"text-wrapper  \">\n\n            \n                <p class=\"text-text-p has-anim-text wordsUp fade  no-revert\" data-stagger=\"0.02\" data-duration=\"1.5\"data-delay=\"0.3\"data-scrub=\"false\" data-pin=\"false\">\n                    I nostri eventi                <\/p>\n                \n            \n\n\n\n        <\/div>\n\n\n        \t\t\t\t<\/div>\n\t\t\t\t<\/div>\n\t\t\t\t\t<\/div>\n\t\t<\/div>\n\t\t\t\t<div class=\"elementor-column elementor-col-50 elementor-top-column elementor-element elementor-element-a813fdb\" data-id=\"a813fdb\" data-element_type=\"column\">\n\t\t\t<div class=\"elementor-widget-wrap elementor-element-populated\">\n\t\t\t\t\t\t<div class=\"elementor-element elementor-element-eeeeca7 elementor-widget__width-initial elementor-widget elementor-widget-naylasingleimage\" data-id=\"eeeeca7\" data-element_type=\"widget\" data-widget_type=\"naylasingleimage.default\">\n\t\t\t\t<div class=\"elementor-widget-container\">\n\t\t\t\t\t\n\n<div class=\"single-image align-left  has-anim-image slideUp  cursor-default  \" data-duration=1.5 data-delay=\"0.3\" data-scrub=\"false\" data-pin=\"false\" data-block-color=\"\" data-anim-out=\"\" data-image-scale=\"true\" >\n\n\n    <img decoding=\"async\" src=\"https:\/\/latordera.it\/app\/uploads\/2025\/11\/12.11.2025-1.png\">\n    \n    \n\n<\/div>\n            \n            \n\n\n\t\t\t\t<\/div>\n\t\t\t\t<\/div>\n\t\t\t\t<div class=\"elementor-element elementor-element-185ef1b elementor-widget__width-initial elementor-widget elementor-widget-naylasingleimage\" data-id=\"185ef1b\" data-element_type=\"widget\" data-widget_type=\"naylasingleimage.default\">\n\t\t\t\t<div class=\"elementor-widget-container\">\n\t\t\t\t\t\n\n<div class=\"single-image align-left  has-anim-image slideUp  cursor-default  \" data-duration=1.5 data-delay=\"0.3\" data-scrub=\"false\" data-pin=\"false\" data-block-color=\"\" data-anim-out=\"\" data-image-scale=\"true\" >\n\n\n    <img decoding=\"async\" src=\"https:\/\/latordera.it\/app\/uploads\/2025\/06\/insta_27.06.25-1.png\">\n    \n    \n\n<\/div>\n            \n            \n\n\n\t\t\t\t<\/div>\n\t\t\t\t<\/div>\n\t\t\t\t<div class=\"elementor-element elementor-element-2fce250 elementor-widget__width-initial elementor-widget elementor-widget-naylasingleimage\" data-id=\"2fce250\" data-element_type=\"widget\" data-widget_type=\"naylasingleimage.default\">\n\t\t\t\t<div class=\"elementor-widget-container\">\n\t\t\t\t\t\n\n<div class=\"single-image align-left  has-anim-image slideUp  cursor-default  \" data-duration=1.5 data-delay=\"0.3\" data-scrub=\"false\" data-pin=\"false\" data-block-color=\"\" data-anim-out=\"\" data-image-scale=\"true\" >\n\n\n    <img decoding=\"async\" src=\"https:\/\/latordera.it\/app\/uploads\/2025\/06\/newsletter-gaiajazz.png\">\n    \n    \n\n<\/div>\n            \n            \n\n\n\t\t\t\t<\/div>\n\t\t\t\t<\/div>\n\t\t\t\t<div class=\"elementor-element elementor-element-56bacde elementor-widget__width-initial elementor-widget elementor-widget-naylasingleimage\" data-id=\"56bacde\" data-element_type=\"widget\" data-widget_type=\"naylasingleimage.default\">\n\t\t\t\t<div class=\"elementor-widget-container\">\n\t\t\t\t\t\n\n<div class=\"single-image align-left  has-anim-image slideUp  cursor-default  \" data-duration=1.5 data-delay=\"0.3\" data-scrub=\"false\" data-pin=\"false\" data-block-color=\"\" data-anim-out=\"\" data-image-scale=\"true\" >\n\n\n    <img decoding=\"async\" src=\"https:\/\/latordera.it\/app\/uploads\/2025\/02\/i-nostri-eventi-4-min.jpg\">\n    \n    \n\n<\/div>\n            \n            \n\n\n\t\t\t\t<\/div>\n\t\t\t\t<\/div>\n\t\t\t\t\t<\/div>\n\t\t<\/div>\n\t\t\t\t\t<\/div>\n\t\t<\/section>\n\t\t\t\t<section class=\"elementor-section elementor-top-section elementor-element elementor-element-a00b315 elementor-section-full_width wrapper-fuller elementor-hidden-desktop elementor-hidden-tablet elementor-hidden-mobile section-normal elementor-section-height-default elementor-section-height-default default\" data-id=\"a00b315\" data-element_type=\"section\" data-settings=\"{&quot;background_background&quot;:&quot;classic&quot;}\">\n\t\t\t\t\t\t<div class=\"elementor-container elementor-column-gap-default\">\n\t\t\t\t\t<div class=\"elementor-column elementor-col-100 elementor-top-column elementor-element elementor-element-50a251a\" data-id=\"50a251a\" data-element_type=\"column\">\n\t\t\t<div class=\"elementor-widget-wrap elementor-element-populated\">\n\t\t\t\t\t\t<div class=\"elementor-element elementor-element-b4bb448 bodycopy-s elementor-widget__width-initial elementor-widget elementor-widget-naylatextwrapper\" data-id=\"b4bb448\" data-element_type=\"widget\" data-widget_type=\"naylatextwrapper.default\">\n\t\t\t\t<div class=\"elementor-widget-container\">\n\t\t\t\t\t\n\n\n        <div class=\"text-wrapper  \">\n\n            \n                <p class=\"text-text-p has-anim-text wordsUp fade  no-revert\" data-stagger=\"0.02\" data-duration=\"1.5\"data-delay=\"0.3\"data-scrub=\"false\" data-pin=\"false\">\n                    Quo omnis quas ut reprehenderit ratione vel delectus pariatur eos illum nisi. Aut dolor voluptatem nam ipsum quasi non voluptatem odio ea dolor animi et voluptatem suscipit.\nEt incidunt dolorem hic omnis assumenda aut corrupti quae At natus culpa est modi fugiat est magnam nemo vel necessitatibus incidunt! Aut eaque pariatur aut laboriosam laboriosam qui enim doloribus. Et nobis velit ut placeat maiores et velit asperiores sed Quis fuga est Quis delectus ut ducimus iste quo aperiam placeat.<br>\nLorem ipsum dolor sit amet. Est dolores quia aut tenetur voluptatem aut esse nobis in officiis repellat aut minus ducimus qui ullam nemo et voluptatem perferendis? Et expedita doloremque ut libero deserunt et repellendus quae! At ratione ducimus et voluptatem dolores et odit molestias ut nihil architecto.                <\/p>\n                \n            \n\n\n\n        <\/div>\n\n\n        \t\t\t\t<\/div>\n\t\t\t\t<\/div>\n\t\t\t\t\t<\/div>\n\t\t<\/div>\n\t\t\t\t\t<\/div>\n\t\t<\/section>\n\t\t\t\t<section class=\"elementor-section elementor-top-section elementor-element elementor-element-81d82b3 elementor-section-full_width wrapper-fuller lancio-news border-top-black border-bottom-black section-normal elementor-section-height-default elementor-section-height-default default\" data-id=\"81d82b3\" data-element_type=\"section\" data-settings=\"{&quot;background_background&quot;:&quot;classic&quot;}\">\n\t\t\t\t\t\t<div class=\"elementor-container elementor-column-gap-default\">\n\t\t\t\t\t<div class=\"elementor-column elementor-col-50 elementor-top-column elementor-element elementor-element-e69d119\" data-id=\"e69d119\" data-element_type=\"column\">\n\t\t\t<div class=\"elementor-widget-wrap elementor-element-populated\">\n\t\t\t\t\t\t<div class=\"elementor-element elementor-element-dd946b7 elementor-widget__width-initial elementor-widget elementor-widget-naylasingleimage\" data-id=\"dd946b7\" data-element_type=\"widget\" data-widget_type=\"naylasingleimage.default\">\n\t\t\t\t<div class=\"elementor-widget-container\">\n\t\t\t\t\t\n\t\t<a href=\"\/it\/la-tordera-alle-fiere-internazionali-del-vino-2025-il-nostro-viaggio-tra-francia-germania-e-italia\/\">\n    \n        \n    \n<div class=\"single-image align-left  has-anim-image slideUp  cursor-default  \" data-duration=1.5 data-delay=\"0.3\" data-scrub=\"false\" data-pin=\"false\" data-block-color=\"\" data-anim-out=\"\" data-image-scale=\"true\" >\n\n\n    <img decoding=\"async\" src=\"https:\/\/latordera.it\/app\/uploads\/2025\/03\/FIERE-2025.png\">\n    \n    \n\n<\/div>\n            \n            \n<\/a>\n\n\t\t\t\t<\/div>\n\t\t\t\t<\/div>\n\t\t\t\t\t<\/div>\n\t\t<\/div>\n\t\t\t\t<div class=\"elementor-column elementor-col-50 elementor-top-column elementor-element elementor-element-62847cb\" data-id=\"62847cb\" data-element_type=\"column\">\n\t\t\t<div class=\"elementor-widget-wrap elementor-element-populated\">\n\t\t\t\t\t\t<div class=\"elementor-element elementor-element-4fc4ebe subtitle-xs elementor-widget__width-initial elementor-widget elementor-widget-naylatextwrapper\" data-id=\"4fc4ebe\" data-element_type=\"widget\" data-widget_type=\"naylatextwrapper.default\">\n\t\t\t\t<div class=\"elementor-widget-container\">\n\t\t\t\t\t\n\n\n        <div class=\"text-wrapper  \">\n\n            \n                <p class=\"text-text-p has-anim-text wordsUp fade  no-revert\" data-stagger=\"0.02\" data-duration=\"1.5\"data-delay=\"0.3\"data-scrub=\"false\" data-pin=\"false\">\n                    Febbraio, 2025  \/  Evento                <\/p>\n                \n            \n\n\n\n        <\/div>\n\n\n        \t\t\t\t<\/div>\n\t\t\t\t<\/div>\n\t\t\t\t<div class=\"elementor-element elementor-element-6a639c8 title-s elementor-widget__width-initial elementor-widget elementor-widget-naylatextwrapper\" data-id=\"6a639c8\" data-element_type=\"widget\" data-widget_type=\"naylatextwrapper.default\">\n\t\t\t\t<div class=\"elementor-widget-container\">\n\t\t\t\t\t\n\n\n        <div class=\"text-wrapper  \">\n\n            \n                <p class=\"text-text-p has-anim-text wordsUp fade  no-revert\" data-stagger=\"0.02\" data-duration=\"1.5\"data-delay=\"0.3\"data-scrub=\"false\" data-pin=\"false\">\n                    La Tordera alle fiere internazionali del vino 2025: <br>\nil nostro viaggio tra Francia, Germania e Italia                <\/p>\n                \n            \n\n\n\n        <\/div>\n\n\n        \t\t\t\t<\/div>\n\t\t\t\t<\/div>\n\t\t\t\t<div class=\"elementor-element elementor-element-8ae0815 bodycopy-xs elementor-widget__width-initial elementor-widget elementor-widget-naylatextwrapper\" data-id=\"8ae0815\" data-element_type=\"widget\" data-widget_type=\"naylatextwrapper.default\">\n\t\t\t\t<div class=\"elementor-widget-container\">\n\t\t\t\t\t\n\n\n        <div class=\"text-wrapper  \">\n\n            \n                <p class=\"text-text-p has-anim-text wordsUp fade  no-revert\" data-stagger=\"0.02\" data-duration=\"1.5\"data-delay=\"0.3\"data-scrub=\"false\" data-pin=\"false\">\n                    ll 2025 si apre con un calendario ricco di appuntamenti internazionali per La Tordera. Da Parigi a Verona, passando per D\u00fcsseldorf, porteremo la nostra filosofia di viticoltura consapevole e i nostri Prosecchi Valdobbiadene DOCG nelle fiere pi\u00f9 prestigiose del settore.                <\/p>\n                \n            \n\n\n\n        <\/div>\n\n\n        \t\t\t\t<\/div>\n\t\t\t\t<\/div>\n\t\t\t\t<div class=\"elementor-element elementor-element-9fee68f elementor-widget__width-auto elementor-widget elementor-widget-naylabutton\" data-id=\"9fee68f\" data-element_type=\"widget\" data-widget_type=\"naylabutton.default\">\n\t\t\t\t<div class=\"elementor-widget-container\">\n\t\t\t\t\t\n\n<!--  Button -->\n<div class=\"nayla-button underline icon-left  cursor-default\" >\n\n    <span class=\"left-icon\"><i aria-hidden=\"true\" class=\"material-icons md-fiber_manual_record\" data-md-icon=\"fiber_manual_record\"><\/i><\/span>\n\n    <a target=\"_self\" href=\"\/it\/la-tordera-alle-fiere-internazionali-del-vino-2025-il-nostro-viaggio-tra-francia-germania-e-italia\/\">SCOPRI IL PROSSImo ARTICOLO<\/a>\n\n    <span class=\"right-icon\"><i aria-hidden=\"true\" class=\"material-icons md-fiber_manual_record\" data-md-icon=\"fiber_manual_record\"><\/i><\/span>\n\n<\/div>\n<!--\/ Button -->\n\n\n\t\t\t\t<\/div>\n\t\t\t\t<\/div>\n\t\t\t\t\t<\/div>\n\t\t<\/div>\n\t\t\t\t\t<\/div>\n\t\t<\/section>\n\t\t\t\t<\/div>\n\t\t","protected":false},"excerpt":{"rendered":"<p>TESTA, CUORE, MANI: IL NUOVO MANIFESTO DE LA TORDERA (12 gennaio 2026) Il nuovo manifesto de La Tordera: un impegno quotidiano che unisce visione, dedizione e lavoro. In occasione del [&hellip;]<\/p>\n","protected":false},"author":2,"featured_media":6078,"comment_status":"open","ping_status":"open","sticky":false,"template":"","format":"standard","meta":{"_acf_changed":false,"footnotes":""},"categories":[129],"tags":[],"class_list":["post-5619","post","type-post","status-publish","format-standard","has-post-thumbnail","hentry","category-news"],"acf":[],"yoast_head":"<!-- This site is optimized with the Yoast SEO plugin v24.6 - https:\/\/yoast.com\/wordpress\/plugins\/seo\/ -->\n<title>Testa, Cuore, Mani: il nuovo manifesto La Tordera<\/title>\n<meta name=\"description\" content=\"Testa, Cuore, Mani rappresenta al meglio il modo di essere della nostra famiglia che si riflette in ogni vendemmia e in ogni calice.\" \/>\n<meta name=\"robots\" content=\"index, follow, max-snippet:-1, max-image-preview:large, max-video-preview:-1\" \/>\n<link rel=\"canonical\" href=\"https:\/\/latordera.it\/it\/testa-cuore-mani-il-manifesto-la-tordera\/\" \/>\n<meta property=\"og:locale\" content=\"it_IT\" \/>\n<meta property=\"og:type\" content=\"article\" \/>\n<meta property=\"og:title\" content=\"Testa, Cuore, Mani: il nuovo manifesto La Tordera\" \/>\n<meta property=\"og:description\" content=\"Testa, Cuore, Mani rappresenta al meglio il modo di essere della nostra famiglia che si riflette in ogni vendemmia e in ogni calice.\" \/>\n<meta property=\"og:url\" content=\"https:\/\/latordera.it\/it\/testa-cuore-mani-il-manifesto-la-tordera\/\" \/>\n<meta property=\"og:site_name\" content=\"La Tordera\" \/>\n<meta property=\"article:published_time\" content=\"2025-12-02T13:34:21+00:00\" \/>\n<meta property=\"article:modified_time\" content=\"2026-01-30T08:14:48+00:00\" \/>\n<meta property=\"og:image\" content=\"https:\/\/latordera.it\/app\/uploads\/2025\/12\/ARTICOLO-MANIFESTO.png\" \/>\n\t<meta property=\"og:image:width\" content=\"1080\" \/>\n\t<meta property=\"og:image:height\" content=\"1350\" \/>\n\t<meta property=\"og:image:type\" content=\"image\/png\" \/>\n<meta name=\"author\" content=\"LaTordera\" \/>\n<meta name=\"twitter:card\" content=\"summary_large_image\" \/>\n<meta name=\"twitter:label1\" content=\"Written by\" \/>\n\t<meta name=\"twitter:data1\" content=\"LaTordera\" \/>\n\t<meta name=\"twitter:label2\" content=\"Est. reading time\" \/>\n\t<meta name=\"twitter:data2\" content=\"8 minutes\" \/>\n<!-- \/ Yoast SEO plugin. -->","yoast_head_json":{"title":"Testa, Cuore, Mani: il nuovo manifesto La Tordera","description":"Testa, Cuore, Mani rappresenta al meglio il modo di essere della nostra famiglia che si riflette in ogni vendemmia e in ogni calice.","robots":{"index":"index","follow":"follow","max-snippet":"max-snippet:-1","max-image-preview":"max-image-preview:large","max-video-preview":"max-video-preview:-1"},"canonical":"https:\/\/latordera.it\/it\/testa-cuore-mani-il-manifesto-la-tordera\/","og_locale":"it_IT","og_type":"article","og_title":"Testa, Cuore, Mani: il nuovo manifesto La Tordera","og_description":"Testa, Cuore, Mani rappresenta al meglio il modo di essere della nostra famiglia che si riflette in ogni vendemmia e in ogni calice.","og_url":"https:\/\/latordera.it\/it\/testa-cuore-mani-il-manifesto-la-tordera\/","og_site_name":"La Tordera","article_published_time":"2025-12-02T13:34:21+00:00","article_modified_time":"2026-01-30T08:14:48+00:00","og_image":[{"width":1080,"height":1350,"url":"https:\/\/latordera.it\/app\/uploads\/2025\/12\/ARTICOLO-MANIFESTO.png","type":"image\/png"}],"author":"LaTordera","twitter_card":"summary_large_image","twitter_misc":{"Written by":"LaTordera","Est. reading time":"8 minutes"},"schema":{"@context":"https:\/\/schema.org","@graph":[{"@type":"Article","@id":"https:\/\/latordera.it\/it\/testa-cuore-mani-il-manifesto-la-tordera\/#article","isPartOf":{"@id":"https:\/\/latordera.it\/it\/testa-cuore-mani-il-manifesto-la-tordera\/"},"author":{"name":"LaTordera","@id":"https:\/\/latordera.it\/it\/#\/schema\/person\/60a611341714fedc31427d71baa44a22"},"headline":"TESTA, CUORE, MANI: IL NOSTRO NUOVO MANIFESTO","datePublished":"2025-12-02T13:34:21+00:00","dateModified":"2026-01-30T08:14:48+00:00","mainEntityOfPage":{"@id":"https:\/\/latordera.it\/it\/testa-cuore-mani-il-manifesto-la-tordera\/"},"wordCount":944,"commentCount":0,"publisher":{"@id":"https:\/\/latordera.it\/it\/#organization"},"image":{"@id":"https:\/\/latordera.it\/it\/testa-cuore-mani-il-manifesto-la-tordera\/#primaryimage"},"thumbnailUrl":"https:\/\/latordera.it\/app\/uploads\/2025\/12\/ARTICOLO-MANIFESTO.png","articleSection":["News"],"inLanguage":"it-IT","potentialAction":[{"@type":"CommentAction","name":"Comment","target":["https:\/\/latordera.it\/it\/testa-cuore-mani-il-manifesto-la-tordera\/#respond"]}]},{"@type":"WebPage","@id":"https:\/\/latordera.it\/it\/testa-cuore-mani-il-manifesto-la-tordera\/","url":"https:\/\/latordera.it\/it\/testa-cuore-mani-il-manifesto-la-tordera\/","name":"Testa, Cuore, Mani: il nuovo manifesto La Tordera","isPartOf":{"@id":"https:\/\/latordera.it\/it\/#website"},"primaryImageOfPage":{"@id":"https:\/\/latordera.it\/it\/testa-cuore-mani-il-manifesto-la-tordera\/#primaryimage"},"image":{"@id":"https:\/\/latordera.it\/it\/testa-cuore-mani-il-manifesto-la-tordera\/#primaryimage"},"thumbnailUrl":"https:\/\/latordera.it\/app\/uploads\/2025\/12\/ARTICOLO-MANIFESTO.png","datePublished":"2025-12-02T13:34:21+00:00","dateModified":"2026-01-30T08:14:48+00:00","description":"Testa, Cuore, Mani rappresenta al meglio il modo di essere della nostra famiglia che si riflette in ogni vendemmia e in ogni calice.","breadcrumb":{"@id":"https:\/\/latordera.it\/it\/testa-cuore-mani-il-manifesto-la-tordera\/#breadcrumb"},"inLanguage":"it-IT","potentialAction":[{"@type":"ReadAction","target":["https:\/\/latordera.it\/it\/testa-cuore-mani-il-manifesto-la-tordera\/"]}]},{"@type":"ImageObject","inLanguage":"it-IT","@id":"https:\/\/latordera.it\/it\/testa-cuore-mani-il-manifesto-la-tordera\/#primaryimage","url":"https:\/\/latordera.it\/app\/uploads\/2025\/12\/ARTICOLO-MANIFESTO.png","contentUrl":"https:\/\/latordera.it\/app\/uploads\/2025\/12\/ARTICOLO-MANIFESTO.png","width":1080,"height":1350,"caption":"la-tordera-manifesto"},{"@type":"BreadcrumbList","@id":"https:\/\/latordera.it\/it\/testa-cuore-mani-il-manifesto-la-tordera\/#breadcrumb","itemListElement":[{"@type":"ListItem","position":1,"name":"Home","item":"https:\/\/latordera.it\/it\/"},{"@type":"ListItem","position":2,"name":"TESTA, CUORE, MANI: IL NOSTRO NUOVO MANIFESTO"}]},{"@type":"WebSite","@id":"https:\/\/latordera.it\/it\/#website","url":"https:\/\/latordera.it\/it\/","name":"La Tordera","description":"","publisher":{"@id":"https:\/\/latordera.it\/it\/#organization"},"potentialAction":[{"@type":"SearchAction","target":{"@type":"EntryPoint","urlTemplate":"https:\/\/latordera.it\/it\/?s={search_term_string}"},"query-input":{"@type":"PropertyValueSpecification","valueRequired":true,"valueName":"search_term_string"}}],"inLanguage":"it-IT"},{"@type":"Organization","@id":"https:\/\/latordera.it\/it\/#organization","name":"La Tordera","url":"https:\/\/latordera.it\/it\/","logo":{"@type":"ImageObject","inLanguage":"it-IT","@id":"https:\/\/latordera.it\/it\/#\/schema\/logo\/image\/","url":"https:\/\/latordera.it\/app\/uploads\/2025\/02\/la-tordera-logo-mobile-b.svg","contentUrl":"https:\/\/latordera.it\/app\/uploads\/2025\/02\/la-tordera-logo-mobile-b.svg","width":99,"height":40,"caption":"La Tordera"},"image":{"@id":"https:\/\/latordera.it\/it\/#\/schema\/logo\/image\/"}},{"@type":"Person","@id":"https:\/\/latordera.it\/it\/#\/schema\/person\/60a611341714fedc31427d71baa44a22","name":"LaTordera","image":{"@type":"ImageObject","inLanguage":"it-IT","@id":"https:\/\/latordera.it\/it\/#\/schema\/person\/image\/","url":"https:\/\/secure.gravatar.com\/avatar\/168d254abeb3bcf1d65906482cb68971?s=96&d=mm&r=g","contentUrl":"https:\/\/secure.gravatar.com\/avatar\/168d254abeb3bcf1d65906482cb68971?s=96&d=mm&r=g","caption":"LaTordera"}}]}},"_links":{"self":[{"href":"https:\/\/latordera.it\/it\/wp-json\/wp\/v2\/posts\/5619","targetHints":{"allow":["GET"]}}],"collection":[{"href":"https:\/\/latordera.it\/it\/wp-json\/wp\/v2\/posts"}],"about":[{"href":"https:\/\/latordera.it\/it\/wp-json\/wp\/v2\/types\/post"}],"author":[{"embeddable":true,"href":"https:\/\/latordera.it\/it\/wp-json\/wp\/v2\/users\/2"}],"replies":[{"embeddable":true,"href":"https:\/\/latordera.it\/it\/wp-json\/wp\/v2\/comments?post=5619"}],"version-history":[{"count":3,"href":"https:\/\/latordera.it\/it\/wp-json\/wp\/v2\/posts\/5619\/revisions"}],"predecessor-version":[{"id":6131,"href":"https:\/\/latordera.it\/it\/wp-json\/wp\/v2\/posts\/5619\/revisions\/6131"}],"wp:featuredmedia":[{"embeddable":true,"href":"https:\/\/latordera.it\/it\/wp-json\/wp\/v2\/media\/6078"}],"wp:attachment":[{"href":"https:\/\/latordera.it\/it\/wp-json\/wp\/v2\/media?parent=5619"}],"wp:term":[{"taxonomy":"category","embeddable":true,"href":"https:\/\/latordera.it\/it\/wp-json\/wp\/v2\/categories?post=5619"},{"taxonomy":"post_tag","embeddable":true,"href":"https:\/\/latordera.it\/it\/wp-json\/wp\/v2\/tags?post=5619"}],"curies":[{"name":"wp","href":"https:\/\/api.w.org\/{rel}","templated":true}]}}